{"id":921,"date":"2016-09-16T13:26:56","date_gmt":"2016-09-16T11:26:56","guid":{"rendered":"http:\/\/uksmos.bedzin.pl\/?p=921"},"modified":"2016-09-18T16:10:59","modified_gmt":"2016-09-18T14:10:59","slug":"beactive-europejski-tydzien-sportu","status":"publish","type":"post","link":"https:\/\/uksmos.bedzin.pl\/?p=921","title":{"rendered":"#BeActive   Europejski Tydzie\u0144 Sportu"},"content":{"rendered":"<p><iframe loading=\"lazy\" title=\"judo\" width=\"640\" height=\"360\" src=\"https:\/\/www.youtube.com\/embed\/Tg4WSnlq3ns?feature=oembed\" frameborder=\"0\" allow=\"accelerometer; autoplay; clipboard-write; encrypted-media; gyroscope; picture-in-picture; web-share\" referrerpolicy=\"strict-origin-when-cross-origin\" allowfullscreen><\/iframe><\/p>\n<p>Dzi\u0119kujemy za nominacj\u0119 Przemkowi Matyjaszkowi\u00a0 z <a class=\"profileLink\" href=\"https:\/\/www.facebook.com\/judobytom\/\" data-hovercard=\"\/ajax\/hovercard\/page.php?id=153186248048904\">GKS Czarni Bytom<\/a> za w\u0142\u0105czenie naszego klubu do akcji <a class=\"_58cn\" href=\"https:\/\/www.facebook.com\/hashtag\/beactive?source=feed_text&amp;story_id=1092353644135649\" data-ft=\"{&quot;tn&quot;:&quot;*N&quot;,&quot;type&quot;:104}\"><span class=\"_5afx\"><span class=\"_58cl _5afz\">#<\/span><span class=\"_58cm\">BeActive<\/span><\/span><\/a> w ramach europejskiego tygodnia sportu. Kluby, kt\u00f3re nominujemy do stworzenia filmu to:<\/p>\n<p>1. Sakura Judo Elbl\u0105g &#8211; Wojtek Janik<br \/>\n2. <a class=\"profileLink\" href=\"https:\/\/www.facebook.com\/mksbedzinsa\/\" data-hovercard=\"\/ajax\/hovercard\/page.php?id=732077263604375\">MKS B\u0119dzin S.A.<\/a> &#8211; siatkarze<br \/>\n3. <a class=\"profileLink\" href=\"https:\/\/www.facebook.com\/aikijujutsukumuraryu\/\" data-hovercard=\"\/ajax\/hovercard\/page.php?id=1441554579437467\">Aikijujutsu Kumura Ryu<\/a>&#8211; <a class=\"profileLink\" href=\"https:\/\/www.facebook.com\/seweryn.magdziak.3\" data-hovercard=\"\/ajax\/hovercard\/user.php?id=100006130747111\">Seweryn Magdziak<\/a><span class=\"text_exposed_show\"><br \/>\nZe sportowymi pozdrowieniami &#8211; bawcie si\u0119 dobrze <a class=\"profileLink\" href=\"https:\/\/www.facebook.com\/jolanta.poswiat\" data-hovercard=\"\/ajax\/hovercard\/user.php?id=100004761272897\">Jolanta Po\u015bwiat<\/a> i Romuald Baran<br \/>\n<\/span><\/p>\n<div class=\"text_exposed_show\">\n<p><a class=\"profileLink\" href=\"https:\/\/www.facebook.com\/events\/335202790158292\/?ref=22&amp;action_history=null&amp;source=22\" data-hovercard=\"\/ajax\/hovercard\/event.php?id=335202790158292&amp;extragetparams=%7B%22source%22%3A22%2C%22action_history%22%3A%22null%22%7D\">https:\/\/www.facebook.com\/events\/335202790158292\/?active_tab=posts<\/a><\/p>\n<\/div>\n","protected":false},"excerpt":{"rendered":"<p>Dzi\u0119kujemy za nominacj\u0119 Przemkowi Matyjaszkowi\u00a0 z GKS Czarni Bytom za w\u0142\u0105czenie naszego klubu do akcji #BeActive w ramach europejskiego tygodnia sportu. Kluby, kt\u00f3re nominujemy do stworzenia filmu to: 1. Sakura Judo Elbl\u0105g &#8211; Wojtek Janik 2. MKS B\u0119dzin S.A. &#8211; &hellip; <a href=\"https:\/\/uksmos.bedzin.pl\/?p=921\">Czytaj dalej <span class=\"meta-nav\">&rarr;<\/span><\/a><\/p>\n","protected":false},"author":2,"featured_media":0,"comment_status":"closed","ping_status":"open","sticky":false,"template":"","format":"standard","meta":{"footnotes":""},"categories":[1],"tags":[],"class_list":["post-921","post","type-post","status-publish","format-standard","hentry","category-bez-kategorii"],"yoast_head":"<!-- This site is optimized with the Yoast SEO plugin v24.7 - https:\/\/yoast.com\/wordpress\/plugins\/seo\/ -->\n<title>#BeActive  Europejski Tydzie\u0144 Sportu -<\/title>\n<meta name=\"robots\" content=\"index, follow, max-snippet:-1, max-image-preview:large, max-video-preview:-1\" \/>\n<link rel=\"canonical\" href=\"https:\/\/uksmos.bedzin.pl\/?p=921\" \/>\n<meta property=\"og:locale\" content=\"pl_PL\" \/>\n<meta property=\"og:type\" content=\"article\" \/>\n<meta property=\"og:title\" content=\"#BeActive  Europejski Tydzie\u0144 Sportu -\" \/>\n<meta property=\"og:description\" content=\"Dzi\u0119kujemy za nominacj\u0119 Przemkowi Matyjaszkowi\u00a0 z GKS Czarni Bytom za w\u0142\u0105czenie naszego klubu do akcji #BeActive w ramach europejskiego tygodnia sportu. Kluby, kt\u00f3re nominujemy do stworzenia filmu to: 1. Sakura Judo Elbl\u0105g &#8211; Wojtek Janik 2. MKS B\u0119dzin S.A. &#8211; &hellip; Czytaj dalej &rarr;\" \/>\n<meta property=\"og:url\" content=\"https:\/\/uksmos.bedzin.pl\/?p=921\" \/>\n<meta property=\"article:publisher\" content=\"https:\/\/www.facebook.com\/UKSMOSBedzin\" \/>\n<meta property=\"article:published_time\" content=\"2016-09-16T11:26:56+00:00\" \/>\n<meta property=\"article:modified_time\" content=\"2016-09-18T14:10:59+00:00\" \/>\n<meta name=\"author\" content=\"Jolanta Po\u015bwiat\" \/>\n<meta name=\"twitter:card\" content=\"summary_large_image\" \/>\n<meta name=\"twitter:label1\" content=\"Napisane przez\" \/>\n\t<meta name=\"twitter:data1\" content=\"Jolanta Po\u015bwiat\" \/>\n<script type=\"application\/ld+json\" class=\"yoast-schema-graph\">{\"@context\":\"https:\/\/schema.org\",\"@graph\":[{\"@type\":\"Article\",\"@id\":\"https:\/\/uksmos.bedzin.pl\/?p=921#article\",\"isPartOf\":{\"@id\":\"https:\/\/uksmos.bedzin.pl\/?p=921\"},\"author\":{\"name\":\"Jolanta Po\u015bwiat\",\"@id\":\"https:\/\/uksmos.bedzin.pl\/#\/schema\/person\/bd2691eda8dcd1dbb9a9f7c9b2f798b4\"},\"headline\":\"#BeActive Europejski Tydzie\u0144 Sportu\",\"datePublished\":\"2016-09-16T11:26:56+00:00\",\"dateModified\":\"2016-09-18T14:10:59+00:00\",\"mainEntityOfPage\":{\"@id\":\"https:\/\/uksmos.bedzin.pl\/?p=921\"},\"wordCount\":81,\"publisher\":{\"@id\":\"https:\/\/uksmos.bedzin.pl\/#organization\"},\"inLanguage\":\"pl-PL\"},{\"@type\":\"WebPage\",\"@id\":\"https:\/\/uksmos.bedzin.pl\/?p=921\",\"url\":\"https:\/\/uksmos.bedzin.pl\/?p=921\",\"name\":\"#BeActive Europejski Tydzie\u0144 Sportu -\",\"isPartOf\":{\"@id\":\"https:\/\/uksmos.bedzin.pl\/#website\"},\"datePublished\":\"2016-09-16T11:26:56+00:00\",\"dateModified\":\"2016-09-18T14:10:59+00:00\",\"breadcrumb\":{\"@id\":\"https:\/\/uksmos.bedzin.pl\/?p=921#breadcrumb\"},\"inLanguage\":\"pl-PL\",\"potentialAction\":[{\"@type\":\"ReadAction\",\"target\":[\"https:\/\/uksmos.bedzin.pl\/?p=921\"]}]},{\"@type\":\"BreadcrumbList\",\"@id\":\"https:\/\/uksmos.bedzin.pl\/?p=921#breadcrumb\",\"itemListElement\":[{\"@type\":\"ListItem\",\"position\":1,\"name\":\"Strona g\u0142\u00f3wna\",\"item\":\"https:\/\/uksmos.bedzin.pl\/\"},{\"@type\":\"ListItem\",\"position\":2,\"name\":\"#BeActive Europejski Tydzie\u0144 Sportu\"}]},{\"@type\":\"WebSite\",\"@id\":\"https:\/\/uksmos.bedzin.pl\/#website\",\"url\":\"https:\/\/uksmos.bedzin.pl\/\",\"name\":\"UKS MOS Bedzin\",\"description\":\"Sport to nie tylko sprawno\u015b\u0107, to zdrowie i dobre wychowanie\",\"publisher\":{\"@id\":\"https:\/\/uksmos.bedzin.pl\/#organization\"},\"alternateName\":\"Judo Bedzin\",\"potentialAction\":[{\"@type\":\"SearchAction\",\"target\":{\"@type\":\"EntryPoint\",\"urlTemplate\":\"https:\/\/uksmos.bedzin.pl\/?s={search_term_string}\"},\"query-input\":{\"@type\":\"PropertyValueSpecification\",\"valueRequired\":true,\"valueName\":\"search_term_string\"}}],\"inLanguage\":\"pl-PL\"},{\"@type\":\"Organization\",\"@id\":\"https:\/\/uksmos.bedzin.pl\/#organization\",\"name\":\"UKS MOS Bedzin\",\"url\":\"https:\/\/uksmos.bedzin.pl\/\",\"logo\":{\"@type\":\"ImageObject\",\"inLanguage\":\"pl-PL\",\"@id\":\"https:\/\/uksmos.bedzin.pl\/#\/schema\/logo\/image\/\",\"url\":\"https:\/\/uksmos.bedzin.pl\/wp-content\/uploads\/2024\/08\/cropped-Logo-bez-tla.png\",\"contentUrl\":\"https:\/\/uksmos.bedzin.pl\/wp-content\/uploads\/2024\/08\/cropped-Logo-bez-tla.png\",\"width\":512,\"height\":512,\"caption\":\"UKS MOS Bedzin\"},\"image\":{\"@id\":\"https:\/\/uksmos.bedzin.pl\/#\/schema\/logo\/image\/\"},\"sameAs\":[\"https:\/\/www.facebook.com\/UKSMOSBedzin\",\"https:\/\/www.instagram.com\/uks.mos.bedzin\"]},{\"@type\":\"Person\",\"@id\":\"https:\/\/uksmos.bedzin.pl\/#\/schema\/person\/bd2691eda8dcd1dbb9a9f7c9b2f798b4\",\"name\":\"Jolanta Po\u015bwiat\",\"image\":{\"@type\":\"ImageObject\",\"inLanguage\":\"pl-PL\",\"@id\":\"https:\/\/uksmos.bedzin.pl\/#\/schema\/person\/image\/\",\"url\":\"https:\/\/secure.gravatar.com\/avatar\/e4ea851d3d1f15c6fc25bee121defd472cac2077305830e9d7e76502524654c2?s=96&d=mm&r=g\",\"contentUrl\":\"https:\/\/secure.gravatar.com\/avatar\/e4ea851d3d1f15c6fc25bee121defd472cac2077305830e9d7e76502524654c2?s=96&d=mm&r=g\",\"caption\":\"Jolanta Po\u015bwiat\"},\"url\":\"https:\/\/uksmos.bedzin.pl\/?author=2\"}]}<\/script>\n<!-- \/ Yoast SEO plugin. -->","yoast_head_json":{"title":"#BeActive  Europejski Tydzie\u0144 Sportu -","robots":{"index":"index","follow":"follow","max-snippet":"max-snippet:-1","max-image-preview":"max-image-preview:large","max-video-preview":"max-video-preview:-1"},"canonical":"https:\/\/uksmos.bedzin.pl\/?p=921","og_locale":"pl_PL","og_type":"article","og_title":"#BeActive  Europejski Tydzie\u0144 Sportu -","og_description":"Dzi\u0119kujemy za nominacj\u0119 Przemkowi Matyjaszkowi\u00a0 z GKS Czarni Bytom za w\u0142\u0105czenie naszego klubu do akcji #BeActive w ramach europejskiego tygodnia sportu. Kluby, kt\u00f3re nominujemy do stworzenia filmu to: 1. Sakura Judo Elbl\u0105g &#8211; Wojtek Janik 2. MKS B\u0119dzin S.A. &#8211; &hellip; Czytaj dalej &rarr;","og_url":"https:\/\/uksmos.bedzin.pl\/?p=921","article_publisher":"https:\/\/www.facebook.com\/UKSMOSBedzin","article_published_time":"2016-09-16T11:26:56+00:00","article_modified_time":"2016-09-18T14:10:59+00:00","author":"Jolanta Po\u015bwiat","twitter_card":"summary_large_image","twitter_misc":{"Napisane przez":"Jolanta Po\u015bwiat"},"schema":{"@context":"https:\/\/schema.org","@graph":[{"@type":"Article","@id":"https:\/\/uksmos.bedzin.pl\/?p=921#article","isPartOf":{"@id":"https:\/\/uksmos.bedzin.pl\/?p=921"},"author":{"name":"Jolanta Po\u015bwiat","@id":"https:\/\/uksmos.bedzin.pl\/#\/schema\/person\/bd2691eda8dcd1dbb9a9f7c9b2f798b4"},"headline":"#BeActive Europejski Tydzie\u0144 Sportu","datePublished":"2016-09-16T11:26:56+00:00","dateModified":"2016-09-18T14:10:59+00:00","mainEntityOfPage":{"@id":"https:\/\/uksmos.bedzin.pl\/?p=921"},"wordCount":81,"publisher":{"@id":"https:\/\/uksmos.bedzin.pl\/#organization"},"inLanguage":"pl-PL"},{"@type":"WebPage","@id":"https:\/\/uksmos.bedzin.pl\/?p=921","url":"https:\/\/uksmos.bedzin.pl\/?p=921","name":"#BeActive Europejski Tydzie\u0144 Sportu -","isPartOf":{"@id":"https:\/\/uksmos.bedzin.pl\/#website"},"datePublished":"2016-09-16T11:26:56+00:00","dateModified":"2016-09-18T14:10:59+00:00","breadcrumb":{"@id":"https:\/\/uksmos.bedzin.pl\/?p=921#breadcrumb"},"inLanguage":"pl-PL","potentialAction":[{"@type":"ReadAction","target":["https:\/\/uksmos.bedzin.pl\/?p=921"]}]},{"@type":"BreadcrumbList","@id":"https:\/\/uksmos.bedzin.pl\/?p=921#breadcrumb","itemListElement":[{"@type":"ListItem","position":1,"name":"Strona g\u0142\u00f3wna","item":"https:\/\/uksmos.bedzin.pl\/"},{"@type":"ListItem","position":2,"name":"#BeActive Europejski Tydzie\u0144 Sportu"}]},{"@type":"WebSite","@id":"https:\/\/uksmos.bedzin.pl\/#website","url":"https:\/\/uksmos.bedzin.pl\/","name":"UKS MOS Bedzin","description":"Sport to nie tylko sprawno\u015b\u0107, to zdrowie i dobre wychowanie","publisher":{"@id":"https:\/\/uksmos.bedzin.pl\/#organization"},"alternateName":"Judo Bedzin","potentialAction":[{"@type":"SearchAction","target":{"@type":"EntryPoint","urlTemplate":"https:\/\/uksmos.bedzin.pl\/?s={search_term_string}"},"query-input":{"@type":"PropertyValueSpecification","valueRequired":true,"valueName":"search_term_string"}}],"inLanguage":"pl-PL"},{"@type":"Organization","@id":"https:\/\/uksmos.bedzin.pl\/#organization","name":"UKS MOS Bedzin","url":"https:\/\/uksmos.bedzin.pl\/","logo":{"@type":"ImageObject","inLanguage":"pl-PL","@id":"https:\/\/uksmos.bedzin.pl\/#\/schema\/logo\/image\/","url":"https:\/\/uksmos.bedzin.pl\/wp-content\/uploads\/2024\/08\/cropped-Logo-bez-tla.png","contentUrl":"https:\/\/uksmos.bedzin.pl\/wp-content\/uploads\/2024\/08\/cropped-Logo-bez-tla.png","width":512,"height":512,"caption":"UKS MOS Bedzin"},"image":{"@id":"https:\/\/uksmos.bedzin.pl\/#\/schema\/logo\/image\/"},"sameAs":["https:\/\/www.facebook.com\/UKSMOSBedzin","https:\/\/www.instagram.com\/uks.mos.bedzin"]},{"@type":"Person","@id":"https:\/\/uksmos.bedzin.pl\/#\/schema\/person\/bd2691eda8dcd1dbb9a9f7c9b2f798b4","name":"Jolanta Po\u015bwiat","image":{"@type":"ImageObject","inLanguage":"pl-PL","@id":"https:\/\/uksmos.bedzin.pl\/#\/schema\/person\/image\/","url":"https:\/\/secure.gravatar.com\/avatar\/e4ea851d3d1f15c6fc25bee121defd472cac2077305830e9d7e76502524654c2?s=96&d=mm&r=g","contentUrl":"https:\/\/secure.gravatar.com\/avatar\/e4ea851d3d1f15c6fc25bee121defd472cac2077305830e9d7e76502524654c2?s=96&d=mm&r=g","caption":"Jolanta Po\u015bwiat"},"url":"https:\/\/uksmos.bedzin.pl\/?author=2"}]}},"_links":{"self":[{"href":"https:\/\/uksmos.bedzin.pl\/index.php?rest_route=\/wp\/v2\/posts\/921","targetHints":{"allow":["GET"]}}],"collection":[{"href":"https:\/\/uksmos.bedzin.pl\/index.php?rest_route=\/wp\/v2\/posts"}],"about":[{"href":"https:\/\/uksmos.bedzin.pl\/index.php?rest_route=\/wp\/v2\/types\/post"}],"author":[{"embeddable":true,"href":"https:\/\/uksmos.bedzin.pl\/index.php?rest_route=\/wp\/v2\/users\/2"}],"replies":[{"embeddable":true,"href":"https:\/\/uksmos.bedzin.pl\/index.php?rest_route=%2Fwp%2Fv2%2Fcomments&post=921"}],"version-history":[{"count":5,"href":"https:\/\/uksmos.bedzin.pl\/index.php?rest_route=\/wp\/v2\/posts\/921\/revisions"}],"predecessor-version":[{"id":926,"href":"https:\/\/uksmos.bedzin.pl\/index.php?rest_route=\/wp\/v2\/posts\/921\/revisions\/926"}],"wp:attachment":[{"href":"https:\/\/uksmos.bedzin.pl\/index.php?rest_route=%2Fwp%2Fv2%2Fmedia&parent=921"}],"wp:term":[{"taxonomy":"category","embeddable":true,"href":"https:\/\/uksmos.bedzin.pl\/index.php?rest_route=%2Fwp%2Fv2%2Fcategories&post=921"},{"taxonomy":"post_tag","embeddable":true,"href":"https:\/\/uksmos.bedzin.pl\/index.php?rest_route=%2Fwp%2Fv2%2Ftags&post=921"}],"curies":[{"name":"wp","href":"https:\/\/api.w.org\/{rel}","templated":true}]}}